{"id":21447,"date":"2025-07-07T12:12:44","date_gmt":"2025-07-07T16:12:44","guid":{"rendered":"https:\/\/www.expo67.museum\/?post_type=news&#038;p=21447"},"modified":"2025-07-21T12:12:52","modified_gmt":"2025-07-21T16:12:52","slug":"vive-le-canada","status":"publish","type":"news","link":"https:\/\/www.expo67.museum\/en\/news\/vive-le-canada\/","title":{"rendered":"Vive le Canada!"},"content":{"rendered":"","protected":false},"excerpt":{"rendered":"<p>W\u00f4, on se calme! Avant que vous pensiez que j\u2019ai vir\u00e9 capot et que je suis devenue f\u00e9d\u00e9raliste, je vous pr\u00e9cise tout de suite: vive le PAVILLON du Canada. Je suis en voyage au Japon et, quand je suis arriv\u00e9e \u00e0 Osaka, o\u00f9 a lieu l\u2019exposition universelle 2025, je me suis rendue \u00e0 reculons dans le pavillon du Canada. J\u2019ai montr\u00e9 mon passeport canadien (car on donne priorit\u00e9 aux citoyens de chaque pays dans chaque pavillon) et&#8230; j\u2019ai CAPOT\u00c9. Ce pavillon est \u00e9poustouflant.<\/p>\n","protected":false},"featured_media":21448,"template":"","meta":{"_acf_changed":false,"inline_featured_image":false},"tags":[1142],"media":[1304],"class_list":["post-21447","news","type-news","status-publish","has-post-thumbnail","hentry","tag-expo-2025","media-le-journal-de-montreal"],"acf":[],"aioseo_notices":[],"_links":{"self":[{"href":"https:\/\/www.expo67.museum\/en\/wp-json\/wp\/v2\/news\/21447","targetHints":{"allow":["GET"]}}],"collection":[{"href":"https:\/\/www.expo67.museum\/en\/wp-json\/wp\/v2\/news"}],"about":[{"href":"https:\/\/www.expo67.museum\/en\/wp-json\/wp\/v2\/types\/news"}],"wp:featuredmedia":[{"embeddable":true,"href":"https:\/\/www.expo67.museum\/en\/wp-json\/wp\/v2\/media\/21448"}],"wp:attachment":[{"href":"https:\/\/www.expo67.museum\/en\/wp-json\/wp\/v2\/media?parent=21447"}],"wp:term":[{"taxonomy":"post_tag","embeddable":true,"href":"https:\/\/www.expo67.museum\/en\/wp-json\/wp\/v2\/tags?post=21447"},{"taxonomy":"media","embeddable":true,"href":"https:\/\/www.expo67.museum\/en\/wp-json\/wp\/v2\/media?post=21447"}],"curies":[{"name":"wp","href":"https:\/\/api.w.org\/{rel}","templated":true}]}}