{"id":20650,"date":"2017-05-15T05:00:00","date_gmt":"2017-05-15T09:00:00","guid":{"rendered":"https:\/\/www.expo67.museum\/news\/quand-le-quebec-sest-deniaise\/"},"modified":"2017-05-15T05:00:00","modified_gmt":"2017-05-15T09:00:00","slug":"quand-le-quebec-sest-deniaise","status":"publish","type":"news","link":"https:\/\/www.expo67.museum\/en\/news\/quand-le-quebec-sest-deniaise\/","title":{"rendered":"Quand le Qu\u00e9bec s\u2019est d\u00e9niais\u00e9"},"content":{"rendered":"","protected":false},"excerpt":{"rendered":"<p>Point d\u2019orgue de la R\u00e9volution tranquille, Expo 67 a \u00e9t\u00e9 le grand<br \/>\nacc\u00e9l\u00e9rateur des transformations qui secouaient le Qu\u00e9bec. Jusqu\u2019\u00e0 en<br \/>\nmodifier l\u2019identit\u00e9 qu\u00e9b\u00e9coise !<\/p>\n","protected":false},"featured_media":20651,"template":"","meta":{"_acf_changed":false,"inline_featured_image":false},"tags":[],"media":[1132],"class_list":["post-20650","news","type-news","status-publish","has-post-thumbnail","hentry","media-lactualite"],"acf":[],"aioseo_notices":[],"_links":{"self":[{"href":"https:\/\/www.expo67.museum\/en\/wp-json\/wp\/v2\/news\/20650","targetHints":{"allow":["GET"]}}],"collection":[{"href":"https:\/\/www.expo67.museum\/en\/wp-json\/wp\/v2\/news"}],"about":[{"href":"https:\/\/www.expo67.museum\/en\/wp-json\/wp\/v2\/types\/news"}],"wp:featuredmedia":[{"embeddable":true,"href":"https:\/\/www.expo67.museum\/en\/wp-json\/wp\/v2\/media\/20651"}],"wp:attachment":[{"href":"https:\/\/www.expo67.museum\/en\/wp-json\/wp\/v2\/media?parent=20650"}],"wp:term":[{"taxonomy":"post_tag","embeddable":true,"href":"https:\/\/www.expo67.museum\/en\/wp-json\/wp\/v2\/tags?post=20650"},{"taxonomy":"media","embeddable":true,"href":"https:\/\/www.expo67.museum\/en\/wp-json\/wp\/v2\/media?post=20650"}],"curies":[{"name":"wp","href":"https:\/\/api.w.org\/{rel}","templated":true}]}}