{"id":20648,"date":"2017-05-17T05:00:00","date_gmt":"2017-05-17T09:00:00","guid":{"rendered":"https:\/\/www.expo67.museum\/news\/lautre-maire-de-montreal\/"},"modified":"2017-05-17T05:00:00","modified_gmt":"2017-05-17T09:00:00","slug":"lautre-maire-de-montreal","status":"publish","type":"news","link":"https:\/\/www.expo67.museum\/en\/news\/lautre-maire-de-montreal\/","title":{"rendered":"L\u2019autre maire de Montr\u00e9al"},"content":{"rendered":"","protected":false},"excerpt":{"rendered":"<p>Il s\u2019est vou\u00e9 corps et \u00e2me \u00e0 l\u2019organisation d\u2019Expo 67, mais a bien peu eu<br \/>\nla chance de vivre la manifestation de l\u2019int\u00e9rieur. Entrevue avec Philippe<br \/>\nde Gasp\u00e9 Beaubien, le \u00ab maire de l\u2019Expo \u00bb.<\/p>\n","protected":false},"featured_media":20649,"template":"","meta":{"_acf_changed":false,"inline_featured_image":false},"tags":[],"media":[1132],"class_list":["post-20648","news","type-news","status-publish","has-post-thumbnail","hentry","media-lactualite"],"acf":[],"aioseo_notices":[],"_links":{"self":[{"href":"https:\/\/www.expo67.museum\/en\/wp-json\/wp\/v2\/news\/20648","targetHints":{"allow":["GET"]}}],"collection":[{"href":"https:\/\/www.expo67.museum\/en\/wp-json\/wp\/v2\/news"}],"about":[{"href":"https:\/\/www.expo67.museum\/en\/wp-json\/wp\/v2\/types\/news"}],"wp:featuredmedia":[{"embeddable":true,"href":"https:\/\/www.expo67.museum\/en\/wp-json\/wp\/v2\/media\/20649"}],"wp:attachment":[{"href":"https:\/\/www.expo67.museum\/en\/wp-json\/wp\/v2\/media?parent=20648"}],"wp:term":[{"taxonomy":"post_tag","embeddable":true,"href":"https:\/\/www.expo67.museum\/en\/wp-json\/wp\/v2\/tags?post=20648"},{"taxonomy":"media","embeddable":true,"href":"https:\/\/www.expo67.museum\/en\/wp-json\/wp\/v2\/media?post=20648"}],"curies":[{"name":"wp","href":"https:\/\/api.w.org\/{rel}","templated":true}]}}