{"id":20641,"date":"2017-04-26T09:00:41","date_gmt":"2017-04-26T13:00:41","guid":{"rendered":"https:\/\/www.expo67.museum\/news\/moshe-safdie-le-jeune-homme-de-25-ans-derriere-habitat-67\/"},"modified":"2017-04-26T09:00:41","modified_gmt":"2017-04-26T13:00:41","slug":"moshe-safdie-le-jeune-homme-de-25-ans-derriere-habitat-67","status":"publish","type":"news","link":"https:\/\/www.expo67.museum\/en\/news\/moshe-safdie-le-jeune-homme-de-25-ans-derriere-habitat-67\/","title":{"rendered":"Moshe Safdie, le jeune homme de 25 ans derri\u00e8re Habitat 67"},"content":{"rendered":"","protected":false},"excerpt":{"rendered":"<p>Habitat 67, cet ambitieux complexe d\u2019habitation devenu un symbole d\u2019Expo<br \/>\n67, visait \u00e0 offrir \u00e0 des familles de la classe moyenne les avantages de la<br \/>\nbanlieue, mais en pleine ville. Cinquante ans plus tard, son architecte,<br \/>\nMoshe Safdie, est toujours heureux de sa cr\u00e9ation, mais il est d\u00e9\u00e7u<br \/>\nqu\u2019Habitat 67 n\u2019ait pas \u00e9t\u00e9 le point de d\u00e9part d\u2019une reconqu\u00eate des berges<br \/>\ndu Saint-Laurent. Vous aviez 25 ans quand votre projet a \u00e9t\u00e9 accept\u00e9. Avez-vous \u00e9t\u00e9 surpris? J\u2019\u00e9tais tellement excit\u00e9 que je ne me suis pas arr\u00eat\u00e9 pour penser.<br \/>\nAujourd\u2019hui, cela ressemble \u00e0 un conte de f\u00e9es, voire \u00e0 un miracle, qu\u2019un<br \/>\njeune architecte de 25 ans qui n\u2019avait jamais construit un seul b\u00e2timent<br \/>\nait convaincu trois paliers de gouvernement de r\u00e9aliser un projet aussi<br \/>\nradical.<\/p>\n","protected":false},"featured_media":20642,"template":"","meta":{"_acf_changed":false,"inline_featured_image":false},"tags":[],"media":[1133],"class_list":["post-20641","news","type-news","status-publish","has-post-thumbnail","hentry","media-journal-metro"],"acf":[],"aioseo_notices":[],"_links":{"self":[{"href":"https:\/\/www.expo67.museum\/en\/wp-json\/wp\/v2\/news\/20641","targetHints":{"allow":["GET"]}}],"collection":[{"href":"https:\/\/www.expo67.museum\/en\/wp-json\/wp\/v2\/news"}],"about":[{"href":"https:\/\/www.expo67.museum\/en\/wp-json\/wp\/v2\/types\/news"}],"wp:featuredmedia":[{"embeddable":true,"href":"https:\/\/www.expo67.museum\/en\/wp-json\/wp\/v2\/media\/20642"}],"wp:attachment":[{"href":"https:\/\/www.expo67.museum\/en\/wp-json\/wp\/v2\/media?parent=20641"}],"wp:term":[{"taxonomy":"post_tag","embeddable":true,"href":"https:\/\/www.expo67.museum\/en\/wp-json\/wp\/v2\/tags?post=20641"},{"taxonomy":"media","embeddable":true,"href":"https:\/\/www.expo67.museum\/en\/wp-json\/wp\/v2\/media?post=20641"}],"curies":[{"name":"wp","href":"https:\/\/api.w.org\/{rel}","templated":true}]}}