{"id":20635,"date":"2017-12-18T10:00:38","date_gmt":"2017-12-18T15:00:38","guid":{"rendered":"https:\/\/www.expo67.museum\/news\/expo-67-reconnue-comme-un-evenement-historique\/"},"modified":"2017-12-18T10:00:38","modified_gmt":"2017-12-18T15:00:38","slug":"expo-67-reconnue-comme-un-evenement-historique","status":"publish","type":"news","link":"https:\/\/www.expo67.museum\/en\/news\/expo-67-reconnue-comme-un-evenement-historique\/","title":{"rendered":"Expo 67 reconnue comme un \u00e9v\u00e9nement historique"},"content":{"rendered":"","protected":false},"excerpt":{"rendered":"<p>Le minist\u00e8re de la Culture et des Communications du Qu\u00e9bec a accord\u00e9 \u00e0<br \/>\nl\u2019exposition universelle de Montr\u00e9al de 1967 le statut d\u2019\u00e9v\u00e9nement<br \/>\nhistorique, selon ce qu\u2019a appris M\u00e9tro.<\/p>\n","protected":false},"featured_media":20636,"template":"","meta":{"_acf_changed":false,"inline_featured_image":false},"tags":[],"media":[1133],"class_list":["post-20635","news","type-news","status-publish","has-post-thumbnail","hentry","media-journal-metro"],"acf":[],"aioseo_notices":[],"_links":{"self":[{"href":"https:\/\/www.expo67.museum\/en\/wp-json\/wp\/v2\/news\/20635","targetHints":{"allow":["GET"]}}],"collection":[{"href":"https:\/\/www.expo67.museum\/en\/wp-json\/wp\/v2\/news"}],"about":[{"href":"https:\/\/www.expo67.museum\/en\/wp-json\/wp\/v2\/types\/news"}],"wp:featuredmedia":[{"embeddable":true,"href":"https:\/\/www.expo67.museum\/en\/wp-json\/wp\/v2\/media\/20636"}],"wp:attachment":[{"href":"https:\/\/www.expo67.museum\/en\/wp-json\/wp\/v2\/media?parent=20635"}],"wp:term":[{"taxonomy":"post_tag","embeddable":true,"href":"https:\/\/www.expo67.museum\/en\/wp-json\/wp\/v2\/tags?post=20635"},{"taxonomy":"media","embeddable":true,"href":"https:\/\/www.expo67.museum\/en\/wp-json\/wp\/v2\/media?post=20635"}],"curies":[{"name":"wp","href":"https:\/\/api.w.org\/{rel}","templated":true}]}}