{"id":20633,"date":"2018-09-26T07:00:54","date_gmt":"2018-09-26T11:00:54","guid":{"rendered":"https:\/\/www.expo67.museum\/news\/lavenir-du-parc-jean-drapeau-souleve-les-passions\/"},"modified":"2018-09-26T07:00:54","modified_gmt":"2018-09-26T11:00:54","slug":"lavenir-du-parc-jean-drapeau-souleve-les-passions","status":"publish","type":"news","link":"https:\/\/www.expo67.museum\/en\/news\/lavenir-du-parc-jean-drapeau-souleve-les-passions\/","title":{"rendered":"L\u2019avenir du parc Jean-Drapeau soul\u00e8ve les passions"},"content":{"rendered":"","protected":false},"excerpt":{"rendered":"<p>Pas moins de 52 pr\u00e9sentations auront lieu durant les 5 journ\u00e9es que durera<br \/>\nla consultation publique pr\u00e9vue pour r\u00e9fl\u00e9chir \u00e0 l\u2019avenir du parc<br \/>\nJean-Drapeau, qui doit se doter d\u2019un nouveau plan de d\u00e9veloppement et<br \/>\nd\u2019am\u00e9nagement sur 10 ans. M\u00e9tro met la table en ce d\u00e9but des audiences de l\u2019Office de consultation publique de Montr\u00e9al (OCPM), mercredi, o\u00f9 deux<br \/>\nvisions oppos\u00e9es, mais peut-\u00eatre r\u00e9conciliables, s\u2019affrontent.<\/p>\n","protected":false},"featured_media":20634,"template":"","meta":{"_acf_changed":false,"inline_featured_image":false},"tags":[],"media":[1133],"class_list":["post-20633","news","type-news","status-publish","has-post-thumbnail","hentry","media-journal-metro"],"acf":[],"aioseo_notices":[],"_links":{"self":[{"href":"https:\/\/www.expo67.museum\/en\/wp-json\/wp\/v2\/news\/20633","targetHints":{"allow":["GET"]}}],"collection":[{"href":"https:\/\/www.expo67.museum\/en\/wp-json\/wp\/v2\/news"}],"about":[{"href":"https:\/\/www.expo67.museum\/en\/wp-json\/wp\/v2\/types\/news"}],"wp:featuredmedia":[{"embeddable":true,"href":"https:\/\/www.expo67.museum\/en\/wp-json\/wp\/v2\/media\/20634"}],"wp:attachment":[{"href":"https:\/\/www.expo67.museum\/en\/wp-json\/wp\/v2\/media?parent=20633"}],"wp:term":[{"taxonomy":"post_tag","embeddable":true,"href":"https:\/\/www.expo67.museum\/en\/wp-json\/wp\/v2\/tags?post=20633"},{"taxonomy":"media","embeddable":true,"href":"https:\/\/www.expo67.museum\/en\/wp-json\/wp\/v2\/media?post=20633"}],"curies":[{"name":"wp","href":"https:\/\/api.w.org\/{rel}","templated":true}]}}