{"id":20511,"date":"2016-09-24T04:00:00","date_gmt":"2016-09-24T08:00:00","guid":{"rendered":"https:\/\/www.expo67.museum\/news\/histoire-du-design-au-quebec-le-jalon-hebert\/"},"modified":"2016-09-24T04:00:00","modified_gmt":"2016-09-24T08:00:00","slug":"histoire-du-design-au-quebec-le-jalon-hebert","status":"publish","type":"news","link":"https:\/\/www.expo67.museum\/en\/news\/histoire-du-design-au-quebec-le-jalon-hebert\/","title":{"rendered":"Histoire du design au Qu\u00e9bec: le jalon H\u00e9bert"},"content":{"rendered":"","protected":false},"excerpt":{"rendered":"<p>\u00ab Julien H\u00e9bert a v\u00e9ritablement marqu\u00e9 le domaine, car sa pratique fut exemplaire \u00bb, affirme d\u2019embl\u00e9e l\u2019auteur. Il est vrai que ce natif de Rigaud, issu d\u2019une famille de sept enfants, est l\u2019auteur de plusieurs projets exceptionnels. On lui doit notamment le c\u00e9l\u00e8bre logo de l\u2019Expo 67 (un symbole universel, Terre des hommes), la murale de la station de m\u00e9tro Place-Saint-Henri et une gamme de mobilier en aluminium, dont la superbe chaise longue pliante baptis\u00e9e Contour.<\/p>\n","protected":false},"featured_media":20512,"template":"","meta":{"_acf_changed":false,"inline_featured_image":false},"tags":[],"media":[1125],"class_list":["post-20511","news","type-news","status-publish","has-post-thumbnail","hentry","media-le-devoir"],"acf":[],"aioseo_notices":[],"_links":{"self":[{"href":"https:\/\/www.expo67.museum\/en\/wp-json\/wp\/v2\/news\/20511","targetHints":{"allow":["GET"]}}],"collection":[{"href":"https:\/\/www.expo67.museum\/en\/wp-json\/wp\/v2\/news"}],"about":[{"href":"https:\/\/www.expo67.museum\/en\/wp-json\/wp\/v2\/types\/news"}],"wp:featuredmedia":[{"embeddable":true,"href":"https:\/\/www.expo67.museum\/en\/wp-json\/wp\/v2\/media\/20512"}],"wp:attachment":[{"href":"https:\/\/www.expo67.museum\/en\/wp-json\/wp\/v2\/media?parent=20511"}],"wp:term":[{"taxonomy":"post_tag","embeddable":true,"href":"https:\/\/www.expo67.museum\/en\/wp-json\/wp\/v2\/tags?post=20511"},{"taxonomy":"media","embeddable":true,"href":"https:\/\/www.expo67.museum\/en\/wp-json\/wp\/v2\/media?post=20511"}],"curies":[{"name":"wp","href":"https:\/\/api.w.org\/{rel}","templated":true}]}}