{"id":20497,"date":"2017-04-20T04:00:00","date_gmt":"2017-04-20T08:00:00","guid":{"rendered":"https:\/\/www.expo67.museum\/news\/un-tour-du-monde-a-15-ans\/"},"modified":"2017-04-20T04:00:00","modified_gmt":"2017-04-20T08:00:00","slug":"un-tour-du-monde-a-15-ans","status":"publish","type":"news","link":"https:\/\/www.expo67.museum\/en\/news\/un-tour-du-monde-a-15-ans\/","title":{"rendered":"Un tour du monde \u00e0 15 ans"},"content":{"rendered":"","protected":false},"excerpt":{"rendered":"<p>Vient un \u00e2ge o\u00f9 l\u2019on ne peut plus se contenter de ne voyager que par les<br \/>\nlivres, films et documentaires. Le jour m\u00eame de l\u2019ouverture de l\u2019Expo 67,<br \/>\ntoutes les \u00e9l\u00e8ves de mon \u00e9cole secondaire, yeux \u00e9carquill\u00e9s et coeur<br \/>\nbattant, \u00e9taient r\u00e9unies dans la grande salle devant un \u00e9cran t\u00e9l\u00e9, voil\u00e0<br \/>\nque Montr\u00e9al devenait plan\u00e9taire. \u00c0 15 ans, passeport jeunesse en main,<br \/>\nachet\u00e9 d\u2019avance \u00e0 la Caisse pop de mon patelin (30 $), j\u2019allais effectuer,<br \/>\ndes semaines durant, une trentaine de fascinantes visites aux \u00eeles, tant\u00f4t<br \/>\navec un parent, tant\u00f4t avec une copine. Trajet en train jusqu\u2019\u00e0 la gare<br \/>\nWindsor puis en m\u00e9tro. \u00c0 la sortie, sur l\u2019\u00eele Sainte-H\u00e9l\u00e8ne, d\u00e8s le<br \/>\n29 avril, j\u2019entreprenais un tour du monde sans fronti\u00e8res.<\/p>\n","protected":false},"featured_media":20498,"template":"","meta":{"_acf_changed":false,"inline_featured_image":false},"tags":[],"media":[1125],"class_list":["post-20497","news","type-news","status-publish","has-post-thumbnail","hentry","media-le-devoir"],"acf":[],"aioseo_notices":[],"_links":{"self":[{"href":"https:\/\/www.expo67.museum\/en\/wp-json\/wp\/v2\/news\/20497","targetHints":{"allow":["GET"]}}],"collection":[{"href":"https:\/\/www.expo67.museum\/en\/wp-json\/wp\/v2\/news"}],"about":[{"href":"https:\/\/www.expo67.museum\/en\/wp-json\/wp\/v2\/types\/news"}],"wp:featuredmedia":[{"embeddable":true,"href":"https:\/\/www.expo67.museum\/en\/wp-json\/wp\/v2\/media\/20498"}],"wp:attachment":[{"href":"https:\/\/www.expo67.museum\/en\/wp-json\/wp\/v2\/media?parent=20497"}],"wp:term":[{"taxonomy":"post_tag","embeddable":true,"href":"https:\/\/www.expo67.museum\/en\/wp-json\/wp\/v2\/tags?post=20497"},{"taxonomy":"media","embeddable":true,"href":"https:\/\/www.expo67.museum\/en\/wp-json\/wp\/v2\/media?post=20497"}],"curies":[{"name":"wp","href":"https:\/\/api.w.org\/{rel}","templated":true}]}}