{"id":20473,"date":"2017-04-29T04:00:00","date_gmt":"2017-04-29T08:00:00","guid":{"rendered":"https:\/\/www.expo67.museum\/news\/la-course-folle\/"},"modified":"2017-04-29T04:00:00","modified_gmt":"2017-04-29T08:00:00","slug":"la-course-folle","status":"publish","type":"news","link":"https:\/\/www.expo67.museum\/en\/news\/la-course-folle\/","title":{"rendered":"La course folle"},"content":{"rendered":"","protected":false},"excerpt":{"rendered":"<p>Apr\u00e8s une semaine de battage m\u00e9diatique sur le 50e anniversaire de<br \/>\nl\u2019ouverture de l\u2019Exposition universelle de Montr\u00e9al, il faut dire d\u2019embl\u00e9e<br \/>\nque le propos du documentaire d\u2019\u00c9ric Ruel, Guylaine Maroist et Michel<br \/>\nBarbeau semble un peu moins nouveau. C\u2019est que certains des personnages<br \/>\nprincipaux de ce film aux allures de thriller ont fait la tourn\u00e9e<br \/>\nm\u00e9diatique, et avec raison : les membres francophones et toujours de ce<br \/>\nmonde de l\u2019\u00e9quipe du tonnerre qui a men\u00e9 \u00e0 bien l\u2019organisation de cet<br \/>\n\u00e9v\u00e9nement confirm\u00e9 sur le tard, Philippe de Gasp\u00e9 Beaubien II et Yves<br \/>\nJasmin, sont par-ticuli\u00e8rement \u00e9loquents et passionnants \u00e0 \u00e9couter raconter<br \/>\ncette saga hors-norme. Cela dit, on passe un tr\u00e8s bon moment et on apprend<br \/>\nquand m\u00eame tout un lot de petits d\u00e9tails sur les coulisses mouvement\u00e9es de<br \/>\nla pr\u00e9paration de cette Expo qu\u2019on annon\u00e7ait d\u2019abord comme un bide<br \/>\nmonumental. Le faux suspense rebondissant \u00e0 l\u2019esth\u00e9tique \u00ab sixties \u00bb<br \/>\ncompl\u00e8tement assum\u00e9e ajoute un suppl\u00e9ment d\u2019\u00e2me \u00e0 ce projet documentaire<br \/>\ntout de m\u00eame colossal, qui donne \u00e0 voir un travail collectif des deux<br \/>\n\u00ab solitudes \u00bb comme on en a rarement vu dans l\u2019histoire qu\u00e9b\u00e9coise r\u00e9cente.<\/p>\n","protected":false},"featured_media":20474,"template":"","meta":{"_acf_changed":false,"inline_featured_image":false},"tags":[],"media":[1125],"class_list":["post-20473","news","type-news","status-publish","has-post-thumbnail","hentry","media-le-devoir"],"acf":[],"aioseo_notices":[],"_links":{"self":[{"href":"https:\/\/www.expo67.museum\/en\/wp-json\/wp\/v2\/news\/20473","targetHints":{"allow":["GET"]}}],"collection":[{"href":"https:\/\/www.expo67.museum\/en\/wp-json\/wp\/v2\/news"}],"about":[{"href":"https:\/\/www.expo67.museum\/en\/wp-json\/wp\/v2\/types\/news"}],"wp:featuredmedia":[{"embeddable":true,"href":"https:\/\/www.expo67.museum\/en\/wp-json\/wp\/v2\/media\/20474"}],"wp:attachment":[{"href":"https:\/\/www.expo67.museum\/en\/wp-json\/wp\/v2\/media?parent=20473"}],"wp:term":[{"taxonomy":"post_tag","embeddable":true,"href":"https:\/\/www.expo67.museum\/en\/wp-json\/wp\/v2\/tags?post=20473"},{"taxonomy":"media","embeddable":true,"href":"https:\/\/www.expo67.museum\/en\/wp-json\/wp\/v2\/media?post=20473"}],"curies":[{"name":"wp","href":"https:\/\/api.w.org\/{rel}","templated":true}]}}