{"id":20379,"date":"2017-04-25T23:47:55","date_gmt":"2017-04-26T03:47:55","guid":{"rendered":"https:\/\/www.expo67.museum\/?post_type=news&#038;p=20379"},"modified":"2025-06-25T23:53:44","modified_gmt":"2025-06-26T03:53:44","slug":"expo-67-quand-le-quebec-a-raye-le-mot-impossible-de-son-vocabulaire","status":"publish","type":"news","link":"https:\/\/www.expo67.museum\/en\/news\/expo-67-quand-le-quebec-a-raye-le-mot-impossible-de-son-vocabulaire\/","title":{"rendered":"Expo 67 : quand le Qu\u00e9bec a ray\u00e9 le mot \u00ab&#8239; impossible &#8239;\u00bb de son vocabulaire"},"content":{"rendered":"","protected":false},"excerpt":{"rendered":"<p>Il y a 50 ans, le 28 avril 1967, Montr\u00e9al s&#8217;ouvrait au reste du monde en accueillant l&#8217;Exposition universelle. Si Montr\u00e9al a r\u00e9ussi ce rendez-vous avec l&#8217;histoire, c&#8217;est gr\u00e2ce \u00e0 un groupe de Qu\u00e9b\u00e9cois visionnaires, dont l&#8217;histoire est racont\u00e9e dans un documentaire intitul\u00e9 Expo 67 \u2013 Mission impossible.<\/p>\n","protected":false},"featured_media":20382,"template":"","meta":{"_acf_changed":false,"inline_featured_image":false},"tags":[],"media":[1127],"class_list":["post-20379","news","type-news","status-publish","has-post-thumbnail","hentry","media-radio-canada"],"acf":[],"aioseo_notices":[],"_links":{"self":[{"href":"https:\/\/www.expo67.museum\/en\/wp-json\/wp\/v2\/news\/20379","targetHints":{"allow":["GET"]}}],"collection":[{"href":"https:\/\/www.expo67.museum\/en\/wp-json\/wp\/v2\/news"}],"about":[{"href":"https:\/\/www.expo67.museum\/en\/wp-json\/wp\/v2\/types\/news"}],"wp:featuredmedia":[{"embeddable":true,"href":"https:\/\/www.expo67.museum\/en\/wp-json\/wp\/v2\/media\/20382"}],"wp:attachment":[{"href":"https:\/\/www.expo67.museum\/en\/wp-json\/wp\/v2\/media?parent=20379"}],"wp:term":[{"taxonomy":"post_tag","embeddable":true,"href":"https:\/\/www.expo67.museum\/en\/wp-json\/wp\/v2\/tags?post=20379"},{"taxonomy":"media","embeddable":true,"href":"https:\/\/www.expo67.museum\/en\/wp-json\/wp\/v2\/media?post=20379"}],"curies":[{"name":"wp","href":"https:\/\/api.w.org\/{rel}","templated":true}]}}