{"id":20336,"date":"2025-04-10T22:08:26","date_gmt":"2025-04-11T02:08:26","guid":{"rendered":"https:\/\/www.expo67.museum\/?post_type=news&#038;p=20336"},"modified":"2025-06-25T22:11:42","modified_gmt":"2025-06-26T02:11:42","slug":"philippe-ii-de-gaspe-beaubien-le-maire-de-lexpo-67-nest-plus","status":"publish","type":"news","link":"https:\/\/www.expo67.museum\/en\/news\/philippe-ii-de-gaspe-beaubien-le-maire-de-lexpo-67-nest-plus\/","title":{"rendered":"Philippe II de Gasp\u00e9 Beaubien, le \u00ab&#8239;maire de l\u2019Expo&#8239;\u00bb 67, n\u2019est plus"},"content":{"rendered":"","protected":false},"excerpt":{"rendered":"<p>L\u2019entrepreneur et philanthrope qu\u00e9b\u00e9cois Philippe II de Gasp\u00e9 Beaubien est d\u00e9c\u00e9d\u00e9 mercredi \u00e0 l\u2019\u00e2ge de 97 ans. \u00ab Il nous a quitt\u00e9s paisiblement \u00e0 son domicile des Laurentides \u00bb, a indiqu\u00e9 jeudi la Fondation de Gasp\u00e9 Beaubien dans un communiqu\u00e9.<\/p>\n","protected":false},"featured_media":20338,"template":"","meta":{"_acf_changed":false,"inline_featured_image":false},"tags":[],"media":[1125],"class_list":["post-20336","news","type-news","status-publish","has-post-thumbnail","hentry","media-le-devoir"],"acf":[],"aioseo_notices":[],"_links":{"self":[{"href":"https:\/\/www.expo67.museum\/en\/wp-json\/wp\/v2\/news\/20336","targetHints":{"allow":["GET"]}}],"collection":[{"href":"https:\/\/www.expo67.museum\/en\/wp-json\/wp\/v2\/news"}],"about":[{"href":"https:\/\/www.expo67.museum\/en\/wp-json\/wp\/v2\/types\/news"}],"wp:featuredmedia":[{"embeddable":true,"href":"https:\/\/www.expo67.museum\/en\/wp-json\/wp\/v2\/media\/20338"}],"wp:attachment":[{"href":"https:\/\/www.expo67.museum\/en\/wp-json\/wp\/v2\/media?parent=20336"}],"wp:term":[{"taxonomy":"post_tag","embeddable":true,"href":"https:\/\/www.expo67.museum\/en\/wp-json\/wp\/v2\/tags?post=20336"},{"taxonomy":"media","embeddable":true,"href":"https:\/\/www.expo67.museum\/en\/wp-json\/wp\/v2\/media?post=20336"}],"curies":[{"name":"wp","href":"https:\/\/api.w.org\/{rel}","templated":true}]}}